{"id":653,"date":"2026-01-27T15:22:26","date_gmt":"2026-01-27T14:22:26","guid":{"rendered":"https:\/\/cdrgrayling.com\/?p=653"},"modified":"2026-01-27T15:22:26","modified_gmt":"2026-01-27T14:22:26","slug":"press-release-angeline-charbonnier-promoted-to-deputy-managing-director","status":"publish","type":"post","link":"https:\/\/cdrgrayling.com\/en\/press-release-angeline-charbonnier-promoted-to-deputy-managing-director\/","title":{"rendered":"Press release: Angeline Charbonnier promoted to Deputy Managing Director"},"content":{"rendered":"<div data-elementor-type=\"wp-post\" data-elementor-id=\"653\" class=\"elementor elementor-653\" data-elementor-post-type=\"post\">\n\t\t\t\t<div class=\"elementor-element elementor-element-55de7c56 e-flex e-con-boxed e-con e-parent\" data-id=\"55de7c56\" data-element_type=\"container\" data-e-type=\"container\" data-settings=\"{&quot;jet_parallax_layout_list&quot;:[]}\">\n\t\t\t\t\t<div class=\"e-con-inner\">\n\t\t\t\t<div class=\"elementor-element elementor-element-47f14520 elementor-widget elementor-widget-text-editor\" data-id=\"47f14520\" data-element_type=\"widget\" data-e-type=\"widget\" data-widget_type=\"text-editor.default\">\n\t\t\t\t<div class=\"elementor-widget-container\">\n\t\t\t\t\t\t\t\t\t<p>CDR Grayling, a communications and public affairs consultancy, today announced the promotion of Angeline Charbonnier to Deputy Managing Director, with responsibility for Public Affairs, Corporate Communications and Crisis Communications.<\/p><p>This organisational change is a natural development, given the agency's positioning and the growth in customer demand at the crossroads of expertise.<\/p><h3>A development linked to the agency's dynamics<\/h3><p>Since joining the agency in 2019, Angeline Charbonnier has played a key role in the agency's development, helping to triple the size of the Public Affairs division, both in terms of revenue and consultant numbers.<\/p><p>She has structured the offering and the team, attracted new clients and helped raise the agency's profile, particularly with political and institutional players. Today, she plays a leading role in a number of cross-functional projects in France and within our international network, particularly in the use of Artificial Intelligence in communication and influence.<\/p><p><strong>Yoann Besse, Managing Director of CDR Grayling,<\/strong> declares: \u00ab\u00a0<em>Angeline's promotion to Deputy Managing Director is a natural step. Her strategic vision, her expertise in the workings of institutions and her human and management qualities make her a valuable ally for our customers in an increasingly unpredictable environment.\u00bb<\/em><\/p><h3>A cross-disciplinary approach to complex issues<\/h3><p>This move strengthens our ability to offer comprehensive strategic advice to organisations (large French and international companies, professional federations and associations, think tanks, start-ups, NGOs, etc.) facing major challenges.<\/p><p>In an environment marked by institutional and regulatory instability, short media cycles and the growing impact of AI, the need for a coordinated approach between public affairs and communications is stronger than ever.<\/p><p><strong>Angeline Charbonnier, Deputy Managing Director of CDR Grayling,<\/strong> adds: \u00ab <em>Against a backdrop of political instability, profound changes in business models and the growing power of AI, my priority will be to continue to integrate our expertise to offer effective influence strategies capable of protecting and promoting our clients' reputations with all their stakeholders.<\/em> \"<\/p><p>\u00a0<\/p><h4><strong>About Angeline Charbonnier<\/strong><\/h4><p>With 18 years' experience in public affairs, Angeline Charbonnier combines in-depth knowledge of decision-making processes with recognised expertise in influence strategy. She has worked with a wide range of organisations - from major groups to start-ups - in sectors such as technology, health, agri-food, industry and the environment.<\/p><p>Angeline has solid experience of working with federations and trade unions, where she has demonstrated a strong ability to mobilise stakeholders and build effective coalitions, making it possible to put forward common positions and influence decisions in complex contexts.<\/p><p>Committed to ethical and regulatory issues in public affairs, Angeline is also Vice-President of the Association Fran\u00e7aise des Conseils en Lobbying (French Association of Lobbying Consultants), where she steers the forward-looking work.<\/p><p>Angeline is a graduate of Sciences Po Rennes (2006) and has a Masters in Public Institution Communication from CELSA (2007). She regularly lectures to Masters students (Sciences Po Rennes, Sciences Po Saint-Germain-en-Laye, CELSA) and contributed to the writing of the book \u00ab10 cas de communication\u00bb, published by Dunod in 2015.<\/p><h4><strong>About CDR Grayling<\/strong><\/h4><p>CDR Grayling helps its clients build and maintain trusted relationships with their stakeholders. The agency designs integrated communications and engagement strategies to deliver consistent and impactful brand experiences. Its expertise covers a wide range of disciplines: corporate and financial communications, public affairs, crisis management, digital marketing and media relations. CDR Grayling is a member of the international Accordience group, with over 50 offices in 30 countries across Europe, North America, Asia and the Middle East.<\/p><p>Further information: https:\/\/www.cdrgrayling.com\/<\/p>\t\t\t\t\t\t\t\t<\/div>\n\t\t\t\t<\/div>\n\t\t\t\t\t<\/div>\n\t\t\t\t<\/div>\n\t\t\t\t<\/div>","protected":false},"excerpt":{"rendered":"<p>CDR Grayling, agence de conseil en communication et en affaires publiques, annonce aujourd\u2019hui la promotion d\u2019Angeline Charbonnier en tant que Directrice G\u00e9n\u00e9rale Adjointe, en charge des Affaires Publiques, de la Communication institutionnelle et de la communication de crise. Cette \u00e9volution de l\u2019organisation constitue un d\u00e9veloppement naturel compte tenu du positionnement de l\u2019agence, et de la [&hellip;]<\/p>\n","protected":false},"author":2,"featured_media":648,"comment_status":"closed","ping_status":"closed","sticky":false,"template":"","format":"standard","meta":{"footnotes":"","_links_to":"","_links_to_target":""},"categories":[1],"tags":[],"class_list":["post-653","post","type-post","status-publish","format-standard","has-post-thumbnail","hentry","category-uncategorized"],"yoast_head":"<!-- This site is optimized with the Yoast SEO plugin v27.5 - https:\/\/yoast.com\/product\/yoast-seo-wordpress\/ -->\n<title>Communiqu\u00e9 de presse : Angeline Charbonnier promue Directrice G\u00e9n\u00e9rale Adjointe - CDR Grayling<\/title>\n<meta name=\"robots\" content=\"index, follow, max-snippet:-1, max-image-preview:large, max-video-preview:-1\" \/>\n<link rel=\"canonical\" href=\"https:\/\/cdrgrayling.com\/en\/press-release-angeline-charbonnier-promoted-to-deputy-managing-director\/\" \/>\n<meta property=\"og:locale\" content=\"en_GB\" \/>\n<meta property=\"og:type\" content=\"article\" \/>\n<meta property=\"og:title\" content=\"Communiqu\u00e9 de presse : Angeline Charbonnier promue Directrice G\u00e9n\u00e9rale Adjointe - CDR Grayling\" \/>\n<meta property=\"og:description\" content=\"CDR Grayling, agence de conseil en communication et en affaires publiques, annonce aujourd\u2019hui la promotion d\u2019Angeline Charbonnier en tant que Directrice G\u00e9n\u00e9rale Adjointe, en charge des Affaires Publiques, de la Communication institutionnelle et de la communication de crise. Cette \u00e9volution de l\u2019organisation constitue un d\u00e9veloppement naturel compte tenu du positionnement de l\u2019agence, et de la [&hellip;]\" \/>\n<meta property=\"og:url\" content=\"https:\/\/cdrgrayling.com\/en\/press-release-angeline-charbonnier-promoted-to-deputy-managing-director\/\" \/>\n<meta property=\"og:site_name\" content=\"CDR Grayling\" \/>\n<meta property=\"article:published_time\" content=\"2026-01-27T14:22:26+00:00\" \/>\n<meta property=\"og:image\" content=\"https:\/\/cdrgrayling.com\/wp-content\/uploads\/2026\/01\/P1220344-scaled.jpg\" \/>\n\t<meta property=\"og:image:width\" content=\"2560\" \/>\n\t<meta property=\"og:image:height\" content=\"1714\" \/>\n\t<meta property=\"og:image:type\" content=\"image\/jpeg\" \/>\n<meta name=\"author\" content=\"Nicolas\" \/>\n<meta name=\"twitter:card\" content=\"summary_large_image\" \/>\n<meta name=\"twitter:label1\" content=\"Written by\" \/>\n\t<meta name=\"twitter:data1\" content=\"Nicolas\" \/>\n\t<meta name=\"twitter:label2\" content=\"Estimated reading time\" \/>\n\t<meta name=\"twitter:data2\" content=\"4 minutes\" \/>\n<script type=\"application\/ld+json\" class=\"yoast-schema-graph\">{\"@context\":\"https:\\\/\\\/schema.org\",\"@graph\":[{\"@type\":\"Article\",\"@id\":\"https:\\\/\\\/cdrgrayling.com\\\/communique-de-presse-angeline-charbonnier-promue-directrice-generale-adjointe\\\/#article\",\"isPartOf\":{\"@id\":\"https:\\\/\\\/cdrgrayling.com\\\/communique-de-presse-angeline-charbonnier-promue-directrice-generale-adjointe\\\/\"},\"author\":{\"name\":\"Nicolas\",\"@id\":\"https:\\\/\\\/cdrgrayling.com\\\/#\\\/schema\\\/person\\\/7fcab572127e745e18b2f068a5d1ff12\"},\"headline\":\"Communiqu\u00e9 de presse : Angeline Charbonnier promue Directrice G\u00e9n\u00e9rale Adjointe\",\"datePublished\":\"2026-01-27T14:22:26+00:00\",\"mainEntityOfPage\":{\"@id\":\"https:\\\/\\\/cdrgrayling.com\\\/communique-de-presse-angeline-charbonnier-promue-directrice-generale-adjointe\\\/\"},\"wordCount\":725,\"image\":{\"@id\":\"https:\\\/\\\/cdrgrayling.com\\\/communique-de-presse-angeline-charbonnier-promue-directrice-generale-adjointe\\\/#primaryimage\"},\"thumbnailUrl\":\"https:\\\/\\\/cdrgrayling.com\\\/wp-content\\\/uploads\\\/2026\\\/01\\\/P1220344-scaled.jpg\",\"articleSection\":[\"Uncategorized\"],\"inLanguage\":\"en-GB\"},{\"@type\":\"WebPage\",\"@id\":\"https:\\\/\\\/cdrgrayling.com\\\/communique-de-presse-angeline-charbonnier-promue-directrice-generale-adjointe\\\/\",\"url\":\"https:\\\/\\\/cdrgrayling.com\\\/communique-de-presse-angeline-charbonnier-promue-directrice-generale-adjointe\\\/\",\"name\":\"Communiqu\u00e9 de presse : Angeline Charbonnier promue Directrice G\u00e9n\u00e9rale Adjointe - CDR Grayling\",\"isPartOf\":{\"@id\":\"https:\\\/\\\/cdrgrayling.com\\\/#website\"},\"primaryImageOfPage\":{\"@id\":\"https:\\\/\\\/cdrgrayling.com\\\/communique-de-presse-angeline-charbonnier-promue-directrice-generale-adjointe\\\/#primaryimage\"},\"image\":{\"@id\":\"https:\\\/\\\/cdrgrayling.com\\\/communique-de-presse-angeline-charbonnier-promue-directrice-generale-adjointe\\\/#primaryimage\"},\"thumbnailUrl\":\"https:\\\/\\\/cdrgrayling.com\\\/wp-content\\\/uploads\\\/2026\\\/01\\\/P1220344-scaled.jpg\",\"datePublished\":\"2026-01-27T14:22:26+00:00\",\"author\":{\"@id\":\"https:\\\/\\\/cdrgrayling.com\\\/#\\\/schema\\\/person\\\/7fcab572127e745e18b2f068a5d1ff12\"},\"breadcrumb\":{\"@id\":\"https:\\\/\\\/cdrgrayling.com\\\/communique-de-presse-angeline-charbonnier-promue-directrice-generale-adjointe\\\/#breadcrumb\"},\"inLanguage\":\"en-GB\",\"potentialAction\":[{\"@type\":\"ReadAction\",\"target\":[\"https:\\\/\\\/cdrgrayling.com\\\/communique-de-presse-angeline-charbonnier-promue-directrice-generale-adjointe\\\/\"]}]},{\"@type\":\"ImageObject\",\"inLanguage\":\"en-GB\",\"@id\":\"https:\\\/\\\/cdrgrayling.com\\\/communique-de-presse-angeline-charbonnier-promue-directrice-generale-adjointe\\\/#primaryimage\",\"url\":\"https:\\\/\\\/cdrgrayling.com\\\/wp-content\\\/uploads\\\/2026\\\/01\\\/P1220344-scaled.jpg\",\"contentUrl\":\"https:\\\/\\\/cdrgrayling.com\\\/wp-content\\\/uploads\\\/2026\\\/01\\\/P1220344-scaled.jpg\",\"width\":2560,\"height\":1714,\"caption\":\"OLYMPUS DIGITAL CAMERA\"},{\"@type\":\"BreadcrumbList\",\"@id\":\"https:\\\/\\\/cdrgrayling.com\\\/communique-de-presse-angeline-charbonnier-promue-directrice-generale-adjointe\\\/#breadcrumb\",\"itemListElement\":[{\"@type\":\"ListItem\",\"position\":1,\"name\":\"Accueil\",\"item\":\"https:\\\/\\\/cdrgrayling.com\\\/\"},{\"@type\":\"ListItem\",\"position\":2,\"name\":\"Communiqu\u00e9 de presse : Angeline Charbonnier promue Directrice G\u00e9n\u00e9rale Adjointe\"}]},{\"@type\":\"WebSite\",\"@id\":\"https:\\\/\\\/cdrgrayling.com\\\/#website\",\"url\":\"https:\\\/\\\/cdrgrayling.com\\\/\",\"name\":\"CDR Grayling\",\"description\":\"\",\"potentialAction\":[{\"@type\":\"SearchAction\",\"target\":{\"@type\":\"EntryPoint\",\"urlTemplate\":\"https:\\\/\\\/cdrgrayling.com\\\/?s={search_term_string}\"},\"query-input\":{\"@type\":\"PropertyValueSpecification\",\"valueRequired\":true,\"valueName\":\"search_term_string\"}}],\"inLanguage\":\"en-GB\"},{\"@type\":\"Person\",\"@id\":\"https:\\\/\\\/cdrgrayling.com\\\/#\\\/schema\\\/person\\\/7fcab572127e745e18b2f068a5d1ff12\",\"name\":\"Nicolas\",\"image\":{\"@type\":\"ImageObject\",\"inLanguage\":\"en-GB\",\"@id\":\"https:\\\/\\\/secure.gravatar.com\\\/avatar\\\/83ec2e894fc4c6b3d49d1af4d50c8557292afd7c9a002a8d8fefbe78ec6564ef?s=96&d=mm&r=g\",\"url\":\"https:\\\/\\\/secure.gravatar.com\\\/avatar\\\/83ec2e894fc4c6b3d49d1af4d50c8557292afd7c9a002a8d8fefbe78ec6564ef?s=96&d=mm&r=g\",\"contentUrl\":\"https:\\\/\\\/secure.gravatar.com\\\/avatar\\\/83ec2e894fc4c6b3d49d1af4d50c8557292afd7c9a002a8d8fefbe78ec6564ef?s=96&d=mm&r=g\",\"caption\":\"Nicolas\"},\"url\":\"https:\\\/\\\/cdrgrayling.com\\\/en\\\/author\\\/nicolas\\\/\"}]}<\/script>\n<!-- \/ Yoast SEO plugin. -->","yoast_head_json":{"title":"Press release: Angeline Charbonnier promoted to Deputy Managing Director - CDR Grayling","robots":{"index":"index","follow":"follow","max-snippet":"max-snippet:-1","max-image-preview":"max-image-preview:large","max-video-preview":"max-video-preview:-1"},"canonical":"https:\/\/cdrgrayling.com\/en\/press-release-angeline-charbonnier-promoted-to-deputy-managing-director\/","og_locale":"en_GB","og_type":"article","og_title":"Communiqu\u00e9 de presse : Angeline Charbonnier promue Directrice G\u00e9n\u00e9rale Adjointe - CDR Grayling","og_description":"CDR Grayling, agence de conseil en communication et en affaires publiques, annonce aujourd\u2019hui la promotion d\u2019Angeline Charbonnier en tant que Directrice G\u00e9n\u00e9rale Adjointe, en charge des Affaires Publiques, de la Communication institutionnelle et de la communication de crise. Cette \u00e9volution de l\u2019organisation constitue un d\u00e9veloppement naturel compte tenu du positionnement de l\u2019agence, et de la [&hellip;]","og_url":"https:\/\/cdrgrayling.com\/en\/press-release-angeline-charbonnier-promoted-to-deputy-managing-director\/","og_site_name":"CDR Grayling","article_published_time":"2026-01-27T14:22:26+00:00","og_image":[{"width":2560,"height":1714,"url":"https:\/\/cdrgrayling.com\/wp-content\/uploads\/2026\/01\/P1220344-scaled.jpg","type":"image\/jpeg"}],"author":"Nicolas","twitter_card":"summary_large_image","twitter_misc":{"Written by":"Nicolas","Estimated reading time":"4 minutes"},"schema":{"@context":"https:\/\/schema.org","@graph":[{"@type":"Article","@id":"https:\/\/cdrgrayling.com\/communique-de-presse-angeline-charbonnier-promue-directrice-generale-adjointe\/#article","isPartOf":{"@id":"https:\/\/cdrgrayling.com\/communique-de-presse-angeline-charbonnier-promue-directrice-generale-adjointe\/"},"author":{"name":"Nicolas","@id":"https:\/\/cdrgrayling.com\/#\/schema\/person\/7fcab572127e745e18b2f068a5d1ff12"},"headline":"Communiqu\u00e9 de presse : Angeline Charbonnier promue Directrice G\u00e9n\u00e9rale Adjointe","datePublished":"2026-01-27T14:22:26+00:00","mainEntityOfPage":{"@id":"https:\/\/cdrgrayling.com\/communique-de-presse-angeline-charbonnier-promue-directrice-generale-adjointe\/"},"wordCount":725,"image":{"@id":"https:\/\/cdrgrayling.com\/communique-de-presse-angeline-charbonnier-promue-directrice-generale-adjointe\/#primaryimage"},"thumbnailUrl":"https:\/\/cdrgrayling.com\/wp-content\/uploads\/2026\/01\/P1220344-scaled.jpg","articleSection":["Uncategorized"],"inLanguage":"en-GB"},{"@type":"WebPage","@id":"https:\/\/cdrgrayling.com\/communique-de-presse-angeline-charbonnier-promue-directrice-generale-adjointe\/","url":"https:\/\/cdrgrayling.com\/communique-de-presse-angeline-charbonnier-promue-directrice-generale-adjointe\/","name":"Press release: Angeline Charbonnier promoted to Deputy Managing Director - CDR Grayling","isPartOf":{"@id":"https:\/\/cdrgrayling.com\/#website"},"primaryImageOfPage":{"@id":"https:\/\/cdrgrayling.com\/communique-de-presse-angeline-charbonnier-promue-directrice-generale-adjointe\/#primaryimage"},"image":{"@id":"https:\/\/cdrgrayling.com\/communique-de-presse-angeline-charbonnier-promue-directrice-generale-adjointe\/#primaryimage"},"thumbnailUrl":"https:\/\/cdrgrayling.com\/wp-content\/uploads\/2026\/01\/P1220344-scaled.jpg","datePublished":"2026-01-27T14:22:26+00:00","author":{"@id":"https:\/\/cdrgrayling.com\/#\/schema\/person\/7fcab572127e745e18b2f068a5d1ff12"},"breadcrumb":{"@id":"https:\/\/cdrgrayling.com\/communique-de-presse-angeline-charbonnier-promue-directrice-generale-adjointe\/#breadcrumb"},"inLanguage":"en-GB","potentialAction":[{"@type":"ReadAction","target":["https:\/\/cdrgrayling.com\/communique-de-presse-angeline-charbonnier-promue-directrice-generale-adjointe\/"]}]},{"@type":"ImageObject","inLanguage":"en-GB","@id":"https:\/\/cdrgrayling.com\/communique-de-presse-angeline-charbonnier-promue-directrice-generale-adjointe\/#primaryimage","url":"https:\/\/cdrgrayling.com\/wp-content\/uploads\/2026\/01\/P1220344-scaled.jpg","contentUrl":"https:\/\/cdrgrayling.com\/wp-content\/uploads\/2026\/01\/P1220344-scaled.jpg","width":2560,"height":1714,"caption":"OLYMPUS DIGITAL CAMERA"},{"@type":"BreadcrumbList","@id":"https:\/\/cdrgrayling.com\/communique-de-presse-angeline-charbonnier-promue-directrice-generale-adjointe\/#breadcrumb","itemListElement":[{"@type":"ListItem","position":1,"name":"Accueil","item":"https:\/\/cdrgrayling.com\/"},{"@type":"ListItem","position":2,"name":"Communiqu\u00e9 de presse : Angeline Charbonnier promue Directrice G\u00e9n\u00e9rale Adjointe"}]},{"@type":"WebSite","@id":"https:\/\/cdrgrayling.com\/#website","url":"https:\/\/cdrgrayling.com\/","name":"CDR Grayling","description":"","potentialAction":[{"@type":"SearchAction","target":{"@type":"EntryPoint","urlTemplate":"https:\/\/cdrgrayling.com\/?s={search_term_string}"},"query-input":{"@type":"PropertyValueSpecification","valueRequired":true,"valueName":"search_term_string"}}],"inLanguage":"en-GB"},{"@type":"Person","@id":"https:\/\/cdrgrayling.com\/#\/schema\/person\/7fcab572127e745e18b2f068a5d1ff12","name":"Nicolas","image":{"@type":"ImageObject","inLanguage":"en-GB","@id":"https:\/\/secure.gravatar.com\/avatar\/83ec2e894fc4c6b3d49d1af4d50c8557292afd7c9a002a8d8fefbe78ec6564ef?s=96&d=mm&r=g","url":"https:\/\/secure.gravatar.com\/avatar\/83ec2e894fc4c6b3d49d1af4d50c8557292afd7c9a002a8d8fefbe78ec6564ef?s=96&d=mm&r=g","contentUrl":"https:\/\/secure.gravatar.com\/avatar\/83ec2e894fc4c6b3d49d1af4d50c8557292afd7c9a002a8d8fefbe78ec6564ef?s=96&d=mm&r=g","caption":"Nicolas"},"url":"https:\/\/cdrgrayling.com\/en\/author\/nicolas\/"}]}},"_links":{"self":[{"href":"https:\/\/cdrgrayling.com\/en\/wp-json\/wp\/v2\/posts\/653","targetHints":{"allow":["GET"]}}],"collection":[{"href":"https:\/\/cdrgrayling.com\/en\/wp-json\/wp\/v2\/posts"}],"about":[{"href":"https:\/\/cdrgrayling.com\/en\/wp-json\/wp\/v2\/types\/post"}],"author":[{"embeddable":true,"href":"https:\/\/cdrgrayling.com\/en\/wp-json\/wp\/v2\/users\/2"}],"replies":[{"embeddable":true,"href":"https:\/\/cdrgrayling.com\/en\/wp-json\/wp\/v2\/comments?post=653"}],"version-history":[{"count":0,"href":"https:\/\/cdrgrayling.com\/en\/wp-json\/wp\/v2\/posts\/653\/revisions"}],"wp:featuredmedia":[{"embeddable":true,"href":"https:\/\/cdrgrayling.com\/en\/wp-json\/wp\/v2\/media\/648"}],"wp:attachment":[{"href":"https:\/\/cdrgrayling.com\/en\/wp-json\/wp\/v2\/media?parent=653"}],"wp:term":[{"taxonomy":"category","embeddable":true,"href":"https:\/\/cdrgrayling.com\/en\/wp-json\/wp\/v2\/categories?post=653"},{"taxonomy":"post_tag","embeddable":true,"href":"https:\/\/cdrgrayling.com\/en\/wp-json\/wp\/v2\/tags?post=653"}],"curies":[{"name":"wp","href":"https:\/\/api.w.org\/{rel}","templated":true}]}}